{"id":979,"date":"2017-10-16T21:11:32","date_gmt":"2017-10-16T19:11:32","guid":{"rendered":"https:\/\/www.g-fonics.de\/?p=979"},"modified":"2018-02-16T10:11:52","modified_gmt":"2018-02-16T09:11:52","slug":"videorecording","status":"publish","type":"post","link":"https:\/\/www.g-fonics.de\/index.php\/2017\/10\/16\/videorecording\/","title":{"rendered":"Videorecording!"},"content":{"rendered":"<p>Wir haben die Gelegenheit unserer Show in der Brunsviga am Gr\u00fcndonnerstag letzten Jahres genutzt, um einen Live-Mitschnitt unseres aktuellen Programms f\u00fcr Ohr und Auge zu produzieren. Dabei sind f\u00fcnf Videos von einigen unserer Lieblingssongs entstanden. Wenn Ihr sie anschaut, bekommt einen sch\u00f6nen Eindruck von der Atmo und Energie bei unseren Shows. Und unsere Hemden sind doch auch sch\u00f6n, oder? Wir hoffen, dass Euch die Videos gefallen! Lasst uns wissen was Ihr denkt\u2026  Tausend Dank an Hendrik und sein Team f\u00fcr die Videoaufnahmen, Michael Lehr f\u00fcr den Zusammenschnitt und the great Rainer Leue f\u00fcr den umwerfenden Soundmix.<\/p>\n","protected":false},"excerpt":{"rendered":"<p>Wir haben die Gelegenheit unserer Show in der Brunsviga am Gr\u00fcndonnerstag letzten Jahres genutzt, um einen Live-Mitschnitt unseres aktuellen Programms f\u00fcr Ohr und Auge zu produzieren. Dabei sind f\u00fcnf Videos von einigen unserer Lieblingssongs entstanden. Wenn Ihr sie anschaut, bekommt einen sch\u00f6nen Eindruck von der Atmo und Energie bei unseren[&#8230;]<\/p>\n","protected":false},"author":1,"featured_media":0,"comment_status":"open","ping_status":"open","sticky":false,"template":"","format":"standard","meta":{"footnotes":""},"categories":[1,2,4],"tags":[],"class_list":["post-979","post","type-post","status-publish","format-standard","hentry","category-allgemein","category-festivals","category-news"],"_links":{"self":[{"href":"https:\/\/www.g-fonics.de\/index.php\/wp-json\/wp\/v2\/posts\/979"}],"collection":[{"href":"https:\/\/www.g-fonics.de\/index.php\/wp-json\/wp\/v2\/posts"}],"about":[{"href":"https:\/\/www.g-fonics.de\/index.php\/wp-json\/wp\/v2\/types\/post"}],"author":[{"embeddable":true,"href":"https:\/\/www.g-fonics.de\/index.php\/wp-json\/wp\/v2\/users\/1"}],"replies":[{"embeddable":true,"href":"https:\/\/www.g-fonics.de\/index.php\/wp-json\/wp\/v2\/comments?post=979"}],"version-history":[{"count":1,"href":"https:\/\/www.g-fonics.de\/index.php\/wp-json\/wp\/v2\/posts\/979\/revisions"}],"predecessor-version":[{"id":980,"href":"https:\/\/www.g-fonics.de\/index.php\/wp-json\/wp\/v2\/posts\/979\/revisions\/980"}],"wp:attachment":[{"href":"https:\/\/www.g-fonics.de\/index.php\/wp-json\/wp\/v2\/media?parent=979"}],"wp:term":[{"taxonomy":"category","embeddable":true,"href":"https:\/\/www.g-fonics.de\/index.php\/wp-json\/wp\/v2\/categories?post=979"},{"taxonomy":"post_tag","embeddable":true,"href":"https:\/\/www.g-fonics.de\/index.php\/wp-json\/wp\/v2\/tags?post=979"}],"curies":[{"name":"wp","href":"https:\/\/api.w.org\/{rel}","templated":true}]}}