{"id":1,"date":"2017-02-20T22:43:56","date_gmt":"2017-02-20T21:43:56","guid":{"rendered":"https:\/\/www.g-fonics.de\/?p=1"},"modified":"2017-02-21T15:52:32","modified_gmt":"2017-02-21T14:52:32","slug":"hallo-welt","status":"publish","type":"post","link":"https:\/\/www.g-fonics.de\/index.php\/2017\/02\/20\/hallo-welt\/","title":{"rendered":"Wo ist das Ton- und Videomaterial von den G-Fonics?"},"content":{"rendered":"<p>Die G-Fonics sind eine neu gegr\u00fcndete Formation aus etablierten und gefeierten Musikern Norddeutschlands, die im letzten Sommer festgestellt haben, dass sie eine Leidenschaft f\u00fcr die Sweet Soul Music teilen. Der Videomitschnitt unseres ersten Auftritt im Juli bei einem Open Air in G\u00f6ttingen (Rock am Kaufpark, ca. 1.200 Zuschauer) war leider aus technischen Gr\u00fcnden nicht erfolgreich. Da unsere musikalische Reise erst beginnt, befinden sich derzeit nur Fotos und ein paar sehr kurze Videoausschnitte mit optimierungsf\u00e4higer Qualit\u00e4t online, die einen Eindruck von der Energie und dem Spirit dieser Live-Show geben sollen. Mehr folgt in K\u00fcrze\u2026<\/p>\n<p>&nbsp;<\/p>\n","protected":false},"excerpt":{"rendered":"<p>Die G-Fonics sind eine neu gegr\u00fcndete Formation aus etablierten und gefeierten Musikern Norddeutschlands, die im letzten Sommer festgestellt haben, dass sie eine Leidenschaft f\u00fcr die Sweet Soul Music teilen. Der Videomitschnitt unseres ersten Auftritt im Juli bei einem Open Air in G\u00f6ttingen (Rock am Kaufpark, ca. 1.200 Zuschauer) war leider[&#8230;]<\/p>\n","protected":false},"author":1,"featured_media":0,"comment_status":"open","ping_status":"open","sticky":false,"template":"","format":"standard","meta":{"footnotes":""},"categories":[1,4],"tags":[],"class_list":["post-1","post","type-post","status-publish","format-standard","hentry","category-allgemein","category-news"],"_links":{"self":[{"href":"https:\/\/www.g-fonics.de\/index.php\/wp-json\/wp\/v2\/posts\/1"}],"collection":[{"href":"https:\/\/www.g-fonics.de\/index.php\/wp-json\/wp\/v2\/posts"}],"about":[{"href":"https:\/\/www.g-fonics.de\/index.php\/wp-json\/wp\/v2\/types\/post"}],"author":[{"embeddable":true,"href":"https:\/\/www.g-fonics.de\/index.php\/wp-json\/wp\/v2\/users\/1"}],"replies":[{"embeddable":true,"href":"https:\/\/www.g-fonics.de\/index.php\/wp-json\/wp\/v2\/comments?post=1"}],"version-history":[{"count":5,"href":"https:\/\/www.g-fonics.de\/index.php\/wp-json\/wp\/v2\/posts\/1\/revisions"}],"predecessor-version":[{"id":827,"href":"https:\/\/www.g-fonics.de\/index.php\/wp-json\/wp\/v2\/posts\/1\/revisions\/827"}],"wp:attachment":[{"href":"https:\/\/www.g-fonics.de\/index.php\/wp-json\/wp\/v2\/media?parent=1"}],"wp:term":[{"taxonomy":"category","embeddable":true,"href":"https:\/\/www.g-fonics.de\/index.php\/wp-json\/wp\/v2\/categories?post=1"},{"taxonomy":"post_tag","embeddable":true,"href":"https:\/\/www.g-fonics.de\/index.php\/wp-json\/wp\/v2\/tags?post=1"}],"curies":[{"name":"wp","href":"https:\/\/api.w.org\/{rel}","templated":true}]}}